{"id":2497,"date":"2014-12-20T13:28:48","date_gmt":"2014-12-20T13:28:48","guid":{"rendered":"http:\/\/www.2100.org\/tv\/?p=2497"},"modified":"2015-10-01T11:15:11","modified_gmt":"2015-10-01T11:15:11","slug":"la-campagne-a-la-ville","status":"publish","type":"post","link":"https:\/\/2100.org\/tv\/2497\/la-campagne-a-la-ville\/","title":{"rendered":"La campagne \u00e0 la ville"},"content":{"rendered":"<p>Fr\u00e9d\u00e9ric Lefevre, professeur d&#8217;architecture \u00e0 Paris Val-de-Seine et animateur du l&#8217;atelier de Prospective 2100 sur les villes passe le relai \u00e0 Nathalie Etahiri et parle de la pr\u00e9sence de la campagne dans les villes.<br \/>\n<!--more--><br \/>\n<div id=\"wpfp_8a3a889997584c7e395f248f4186b42b\" class=\"flowplayer no-brand is-splash is-paused skin-slim no-svg fp-slim fp-edgy has-playlist has-playlist-horizontal\" data-fv-embed=\"https:\/\/2100.org\/tv\/2497\/la-campagne-a-la-ville\/fvp\/\" style=\"position:relative; max-width: 100%; \" data-ratio=\"0.75\">\n\t<div class=\"fp-ratio\" style=\"padding-top: 75%\"><\/div>\n\t<img decoding=\"async\" class=\"fp-splash\" alt=\"Fr\u00e9d\u00e9ric Lef\u00e8vre 1\/5;Fr\u00e9d\u00e9ric Lef\u00e8vre 2\/5;Fr\u00e9d\u00e9ric Lef\u00e8vre 3\/5;Fr\u00e9d\u00e9ric Lef\u00e8vre 4\/5;Fr\u00e9d\u00e9ric Lef\u00e8vre 5\/5\" src=\"https:\/\/2100.org\/tv\/wp-content\/uploads\/2014\/lefevre1214_01.jpg\" style=\"position:absolute;top:0;width:100%\" \/>\n\t<div class=\"fp-ui\"><noscript>Please enable JavaScript<\/noscript><div class=\"fp-play fp-visible\"><svg class=\"fp-play-sharp-fill\" xmlns=\"http:\/\/www.w3.org\/2000\/svg\" viewBox=\"0 0 100 100\"><defs><style>.fp-color-play{opacity:0.65;}.controlbutton{fill:#fff;}<\/style><\/defs><title>play-sharp-fill<\/title><path class=\"fp-color-play\" d=\"M49.9217-.078a50,50,0,1,0,50,50A50.0564,50.0564,0,0,0,49.9217-.078Z\"\/><polygon class=\"controlbutton\" points=\"73.601 50 37.968 70.573 37.968 29.427 73.601 50\" filter=\"url(#f1)\"\/><\/svg><\/div><div class=\"fp-preload\"><b><\/b><b><\/b><b><\/b><b><\/b><\/div><\/div>\n<div class='fvp-share-bar'><ul class=\"fvp-sharing\">\r\n    <li><a class=\"sharing-facebook\" href=\"https:\/\/www.facebook.com\/sharer\/sharer.php?u=https%3A%2F%2F2100.org%2Ftv%2F2497%2Fla-campagne-a-la-ville%2F\" target=\"_blank\"><\/a><\/li>\r\n    <li><a class=\"sharing-twitter\" href=\"https:\/\/twitter.com\/intent\/tweet?text=TV+2100+&url=https%3A%2F%2F2100.org%2Ftv%2F2497%2Fla-campagne-a-la-ville%2F\" target=\"_blank\"><\/a><\/li>\r\n    <li><a class=\"sharing-email\" href=\"mailto:?body=Check%20out%20the%20amazing%20video%20here%3A%20https%3A%2F%2F2100.org%2Ftv%2F2497%2Fla-campagne-a-la-ville%2F\" target=\"_blank\"><\/a><\/li><\/ul><div><a class=\"sharing-link\" href=\"https:\/\/2100.org\/tv\/2497\/la-campagne-a-la-ville\/\" target=\"_blank\">Link<\/a><\/div><div><label><a class=\"embed-code-toggle\" href=\"#\"><strong>Embed<\/strong><\/a><\/label><\/div><div class=\"embed-code\"><label>Copy and paste this HTML code into your webpage to embed.<\/label><textarea><\/textarea><\/div><\/div>\n<\/div>\n\t<div class=\"fp-playlist-external fv-playlist-design-2017 fp-playlist-horizontal fp-playlist-has-captions skin-slim\" rel=\"wpfp_8a3a889997584c7e395f248f4186b42b\">\n\t\t<a href='#' data-item='{\"sources\":[{\"src\":\"https:\\\/\\\/2100.org\\\/tv\\\/wp-content\\\/uploads\\\/2014\\\/lefevre1214_01.flv\",\"type\":\"video\\\/mp4\"}],\"fv_title\":\"Fr\\u00e9d\\u00e9ric Lef\\u00e8vre 1\\\/5\",\"splash\":\"https:\\\/\\\/2100.org\\\/tv\\\/wp-content\\\/uploads\\\/2014\\\/lefevre1214_01.jpg\"}'><div class='fvp-playlist-thumb-img'><img  src='https:\/\/2100.org\/tv\/wp-content\/uploads\/2014\/lefevre1214_01.jpg' \/><\/div><h4><span>Fr\u00e9d\u00e9ric Lef\u00e8vre 1\/5<\/span><i class=\"dur\">12:07<\/i><\/h4><\/a>\n\t\t<a href='#' data-item='{\"sources\":[{\"src\":\"https:\\\/\\\/2100.org\\\/tv\\\/wp-content\\\/uploads\\\/2014\\\/lefevre1214_02.flv\",\"type\":\"video\\\/mp4\"}],\"fv_title\":\"Fr\\u00e9d\\u00e9ric Lef\\u00e8vre 2\\\/5\",\"splash\":\"https:\\\/\\\/2100.org\\\/tv\\\/wp-content\\\/uploads\\\/2014\\\/lefevre1214_02.jpg\"}'><div class='fvp-playlist-thumb-img'><img  src='https:\/\/2100.org\/tv\/wp-content\/uploads\/2014\/lefevre1214_02.jpg' \/><\/div><h4><span>Fr\u00e9d\u00e9ric Lef\u00e8vre 2\/5<\/span><i class=\"dur\">42:25<\/i><\/h4><\/a>\n\t\t<a href='#' data-item='{\"sources\":[{\"src\":\"https:\\\/\\\/2100.org\\\/tv\\\/wp-content\\\/uploads\\\/2014\\\/lefevre1214_03.flv\",\"type\":\"video\\\/mp4\"}],\"fv_title\":\"Fr\\u00e9d\\u00e9ric Lef\\u00e8vre 3\\\/5\",\"splash\":\"https:\\\/\\\/2100.org\\\/tv\\\/wp-content\\\/uploads\\\/2014\\\/lefevre1214_03.jpg\"}'><div class='fvp-playlist-thumb-img'><img  src='https:\/\/2100.org\/tv\/wp-content\/uploads\/2014\/lefevre1214_03.jpg' \/><\/div><h4><span>Fr\u00e9d\u00e9ric Lef\u00e8vre 3\/5<\/span><i class=\"dur\">19:19<\/i><\/h4><\/a>\n\t\t<a href='#' data-item='{\"sources\":[{\"src\":\"https:\\\/\\\/2100.org\\\/tv\\\/wp-content\\\/uploads\\\/2014\\\/lefevre1214_04.flv\",\"type\":\"video\\\/mp4\"}],\"fv_title\":\"Fr\\u00e9d\\u00e9ric Lef\\u00e8vre 4\\\/5\",\"splash\":\"https:\\\/\\\/2100.org\\\/tv\\\/wp-content\\\/uploads\\\/2014\\\/lefevre1214_04.jpg\"}'><div class='fvp-playlist-thumb-img'><img  src='https:\/\/2100.org\/tv\/wp-content\/uploads\/2014\/lefevre1214_04.jpg' \/><\/div><h4><span>Fr\u00e9d\u00e9ric Lef\u00e8vre 4\/5<\/span><i class=\"dur\">49:36<\/i><\/h4><\/a>\n\t\t<a href='#' data-item='{\"sources\":[{\"src\":\"https:\\\/\\\/2100.org\\\/tv\\\/wp-content\\\/uploads\\\/2014\\\/lefevre1214_05.flv\",\"type\":\"video\\\/mp4\"}],\"fv_title\":\"Fr\\u00e9d\\u00e9ric Lef\\u00e8vre 5\\\/5\",\"splash\":\"https:\\\/\\\/2100.org\\\/tv\\\/wp-content\\\/uploads\\\/2014\\\/lefevre1214_05.jpg\"}'><div class='fvp-playlist-thumb-img'><img  src='https:\/\/2100.org\/tv\/wp-content\/uploads\/2014\/lefevre1214_05.jpg' \/><\/div><h4><span>Fr\u00e9d\u00e9ric Lef\u00e8vre 5\/5<\/span><i class=\"dur\">02:11<\/i><\/h4><\/a>\n\t<\/div>\n<\/p>\n","protected":false},"excerpt":{"rendered":"<p>Fr\u00e9d\u00e9ric Lefevre, professeur d&#8217;architecture \u00e0 Paris Val-de-Seine et animateur du l&#8217;atelier de Prospective 2100 sur les villes passe le relai \u00e0 Nathalie Etahiri et parle de la pr\u00e9sence de la campagne dans les villes.<\/p>\n","protected":false},"author":2,"featured_media":0,"comment_status":"closed","ping_status":"closed","sticky":false,"template":"","format":"standard","meta":{"_acf_changed":false,"_exactmetrics_skip_tracking":false,"_exactmetrics_sitenote_active":false,"_exactmetrics_sitenote_note":"","_exactmetrics_sitenote_category":0,"ngg_post_thumbnail":0,"footnotes":""},"categories":[12,5,17],"tags":[39,103,137,198,213,310],"class_list":["post-2497","post","type-post","status-publish","format-standard","hentry","category-jardin","category-prospective-generale","category-villes","tag-architecture","tag-developpement-durable","tag-lefevre-frederic","tag-megapole","tag-etahiri-nathalie","tag-urbanisme"],"acf":[],"_links":{"self":[{"href":"https:\/\/2100.org\/tv\/wp-json\/wp\/v2\/posts\/2497","targetHints":{"allow":["GET"]}}],"collection":[{"href":"https:\/\/2100.org\/tv\/wp-json\/wp\/v2\/posts"}],"about":[{"href":"https:\/\/2100.org\/tv\/wp-json\/wp\/v2\/types\/post"}],"author":[{"embeddable":true,"href":"https:\/\/2100.org\/tv\/wp-json\/wp\/v2\/users\/2"}],"replies":[{"embeddable":true,"href":"https:\/\/2100.org\/tv\/wp-json\/wp\/v2\/comments?post=2497"}],"version-history":[{"count":12,"href":"https:\/\/2100.org\/tv\/wp-json\/wp\/v2\/posts\/2497\/revisions"}],"predecessor-version":[{"id":3236,"href":"https:\/\/2100.org\/tv\/wp-json\/wp\/v2\/posts\/2497\/revisions\/3236"}],"wp:attachment":[{"href":"https:\/\/2100.org\/tv\/wp-json\/wp\/v2\/media?parent=2497"}],"wp:term":[{"taxonomy":"category","embeddable":true,"href":"https:\/\/2100.org\/tv\/wp-json\/wp\/v2\/categories?post=2497"},{"taxonomy":"post_tag","embeddable":true,"href":"https:\/\/2100.org\/tv\/wp-json\/wp\/v2\/tags?post=2497"}],"curies":[{"name":"wp","href":"https:\/\/api.w.org\/{rel}","templated":true}]}}